{"id":242,"date":"2023-08-22T01:09:42","date_gmt":"2023-08-22T01:09:42","guid":{"rendered":"https:\/\/seesvig.org.br\/?p=242"},"modified":"2023-08-22T01:09:43","modified_gmt":"2023-08-22T01:09:43","slug":"policia-federal-fecha-9-empresas-de-seguranca-privada-ilegais-em-ms","status":"publish","type":"post","link":"https:\/\/seesvig.org.br\/?p=242","title":{"rendered":"Pol\u00edcia Federal fecha 9 empresas de seguran\u00e7a privada ilegais em MS"},"content":{"rendered":"\n<p><strong>Segundo balan\u00e7o, 502 policiais fiscalizam 449 estabelecimentos no \u00e2mbito nacional<\/strong><\/p>\n\n\n\n<p>Nove empresas de seguran\u00e7a foram fechadas em Mato Grosso do Sul durante a opera\u00e7\u00e3o Seguran\u00e7a Legal VII, realizada pela Pol\u00edcia Federal durante a quinta-feira (17). No \u00e2mbito nacional, o n\u00famero de estabelecimentos chega a 178.<\/p>\n\n\n\n<p>Durante a opera\u00e7\u00e3o, as equipes policiais apreenderam cinco armas de fogo irregulares e efetuaram a pris\u00e3o em flagrante de duas pessoas. Al\u00e9m disso, foram elaborados cinco TCO (Termos Circunstanciados de Ocorr\u00eancia) e 24 AAM (Autos de Arrecada\u00e7\u00e3o de Material). Ao longo do pa\u00eds, um total de 446 policiais federais foram mobilizados para fiscalizar 461 estabelecimentos.<\/p>\n\n\n\n<p>Segundo a nota enviada \u00e0 imprensa, a contrata\u00e7\u00e3o de servi\u00e7os clandestinos de seguran\u00e7a privada coloca em risco a integridade f\u00edsica de pessoas e o patrim\u00f4nio dos contratantes, j\u00e1 que os \u201cseguran\u00e7as\u201d clandestinos n\u00e3o se submetem ao controle da Pol\u00edcia Federal quanto aos seus antecedentes criminais, forma\u00e7\u00e3o, aptid\u00e3o f\u00edsica e psicol\u00f3gica.<\/p>\n\n\n\n<p>Al\u00e9m disso, as empresas clandestinas n\u00e3o observam os requisitos m\u00ednimos de funcionamento previstos na legisla\u00e7\u00e3o. No Brasil, somente empresas de seguran\u00e7a privada autorizadas pela Pol\u00edcia Federal podem prestar servi\u00e7os e contratar vigilantes.<\/p>\n\n\n\n<p>Conforme estabelecido pela Lei n\u00ba 7.102\/83 e pelo Decreto n\u00ba 89.056\/83, somente empresas de seguran\u00e7a privada devidamente autorizadas pela Pol\u00edcia Federal podem oferecer esses servi\u00e7os. Dado que tal atividade \u00e9 complementar \u00e0 seguran\u00e7a p\u00fablica, o controle e a fiscaliza\u00e7\u00e3o desses servi\u00e7os s\u00e3o de extrema import\u00e2ncia.<\/p>\n\n\n\n<p>Vale ressaltar que, desde 2017, a Pol\u00edcia Federal realiza essa opera\u00e7\u00e3o de \u00e2mbito nacional, coordenada pela Divis\u00e3o de Controle e Fiscaliza\u00e7\u00e3o de Seguran\u00e7a Privada \u2013 DICOF\/CGCSP\/DPA\/PF e deflagrada pelas Delegacias de Controle de Seguran\u00e7a Privada \u2013 DELESP nas capitais e pelas Unidades de Controle e Vistoria nas Delegacias Descentralizadas.<\/p>\n","protected":false},"excerpt":{"rendered":"<p>Segundo balan\u00e7o, 502 policiais fiscalizam 449 estabelecimentos no \u00e2mbito nacional Nove empresas de seguran\u00e7a foram fechadas em Mato Grosso do Sul durante a opera\u00e7\u00e3o Seguran\u00e7a Legal VII, realizada pela Pol\u00edcia Federal durante a quinta-feira (17). No \u00e2mbito nacional, o n\u00famero de estabelecimentos chega a 178. Durante a opera\u00e7\u00e3o, as equipes policiais apreenderam cinco armas de&#8230;<a class=\"btnReadMore\" href=\"https:\/\/seesvig.org.br\/?p=242\">Leia mais<i class=\"fa fa-long-arrow-right\"><\/i><\/a><\/p>\n","protected":false},"author":2,"featured_media":243,"comment_status":"open","ping_status":"open","sticky":true,"template":"","format":"standard","meta":{"om_disable_all_campaigns":false,"_monsterinsights_skip_tracking":false,"_monsterinsights_sitenote_active":false,"_monsterinsights_sitenote_note":"","_monsterinsights_sitenote_category":0,"footnotes":""},"categories":[1],"tags":[],"class_list":["post-242","post","type-post","status-publish","format-standard","has-post-thumbnail","hentry","category-juridico"],"_links":{"self":[{"href":"https:\/\/seesvig.org.br\/index.php?rest_route=\/wp\/v2\/posts\/242","targetHints":{"allow":["GET"]}}],"collection":[{"href":"https:\/\/seesvig.org.br\/index.php?rest_route=\/wp\/v2\/posts"}],"about":[{"href":"https:\/\/seesvig.org.br\/index.php?rest_route=\/wp\/v2\/types\/post"}],"author":[{"embeddable":true,"href":"https:\/\/seesvig.org.br\/index.php?rest_route=\/wp\/v2\/users\/2"}],"replies":[{"embeddable":true,"href":"https:\/\/seesvig.org.br\/index.php?rest_route=%2Fwp%2Fv2%2Fcomments&post=242"}],"version-history":[{"count":1,"href":"https:\/\/seesvig.org.br\/index.php?rest_route=\/wp\/v2\/posts\/242\/revisions"}],"predecessor-version":[{"id":244,"href":"https:\/\/seesvig.org.br\/index.php?rest_route=\/wp\/v2\/posts\/242\/revisions\/244"}],"wp:featuredmedia":[{"embeddable":true,"href":"https:\/\/seesvig.org.br\/index.php?rest_route=\/wp\/v2\/media\/243"}],"wp:attachment":[{"href":"https:\/\/seesvig.org.br\/index.php?rest_route=%2Fwp%2Fv2%2Fmedia&parent=242"}],"wp:term":[{"taxonomy":"category","embeddable":true,"href":"https:\/\/seesvig.org.br\/index.php?rest_route=%2Fwp%2Fv2%2Fcategories&post=242"},{"taxonomy":"post_tag","embeddable":true,"href":"https:\/\/seesvig.org.br\/index.php?rest_route=%2Fwp%2Fv2%2Ftags&post=242"}],"curies":[{"name":"wp","href":"https:\/\/api.w.org\/{rel}","templated":true}]}}