{"id":641,"date":"2026-03-13T15:02:13","date_gmt":"2026-03-13T15:02:13","guid":{"rendered":"https:\/\/seesvig.org.br\/?p=641"},"modified":"2026-03-13T15:02:14","modified_gmt":"2026-03-13T15:02:14","slug":"inpc-de-fevereiro-fica-em-056-e-inflacao-acumulada-em-12-meses-e-de-336","status":"publish","type":"post","link":"https:\/\/seesvig.org.br\/?p=641","title":{"rendered":"INPC DE FEVEREIRO FICA EM 0,56% E INFLA\u00c7\u00c3O ACUMULADA EM 12 MESES \u00c9 DE 3,36%"},"content":{"rendered":"\n<p>As entidades sindicais acompanham com aten\u00e7\u00e3o a divulga\u00e7\u00e3o do \u00cdndice Nacional de Pre\u00e7os ao Consumidor (INPC), indicador utilizado como refer\u00eancia para reajustes salariais em diversas categorias profissionais, inclusive na seguran\u00e7a privada.<\/p>\n\n\n\n<p>De acordo com dados divulgados pelo Instituto Brasileiro de Geografia e Estat\u00edstica, o INPC registrou alta de 0,56% em fevereiro, resultado 0,17 ponto percentual acima de janeiro, quando o \u00edndice havia ficado em 0,39%.<\/p>\n\n\n\n<p><strong>Com esse resultado, o \u00edndice acumula:<\/strong><\/p>\n\n\n\n<ul class=\"wp-block-list\">\n<li><strong>0,95% de alta no ano;<\/strong><\/li>\n\n\n\n<li><strong>3,36% nos \u00faltimos 12 meses.<\/strong><\/li>\n<\/ul>\n\n\n\n<p>Apesar da eleva\u00e7\u00e3o em fevereiro, o acumulado anual apresenta desacelera\u00e7\u00e3o em compara\u00e7\u00e3o com os 4,30% registrados nos 12 meses anteriores. No mesmo m\u00eas do ano passado, o \u00edndice havia sido de 1,48%.<\/p>\n\n\n\n<p><strong>Alimentos e servi\u00e7os puxam a infla\u00e7\u00e3o<\/strong><\/p>\n\n\n\n<p>Os dados mostram que os produtos aliment\u00edcios tiveram acelera\u00e7\u00e3o no per\u00edodo, passando de 0,14% em janeiro para 0,26% em fevereiro.<\/p>\n\n\n\n<p><strong>J<\/strong>\u00e1 os produtos n\u00e3o aliment\u00edcios apresentaram varia\u00e7\u00e3o ainda maior, subindo de 0,47% em janeiro para 0,66% em fevereiro, refletindo aumentos em servi\u00e7os e outros itens que impactam diretamente o custo de vida das fam\u00edlias trabalhadoras.<\/p>\n\n\n\n<p><strong>Diferen\u00e7as regionais<\/strong><\/p>\n\n\n\n<p>Entre as capitais pesquisadas, a maior varia\u00e7\u00e3o foi registrada em Fortaleza, com 0,98%, influenciada principalmente pela alta dos cursos regulares (7,02%) e da gasolina (2,95%).<\/p>\n\n\n\n<p>J\u00e1 a menor varia\u00e7\u00e3o ocorreu em Campo Grande, com 0,07%, impactada pela queda da energia el\u00e9trica residencial (-5,31%) e do tomate (-10,71%).<\/p>\n\n\n\n<p>A luta sindical nas campanhas salariais busca n\u00e3o apenas repor as perdas inflacion\u00e1rias, mas tamb\u00e9m garantir ganhos reais, valoriza\u00e7\u00e3o profissional e melhorias nas condi\u00e7\u00f5es de trabalho dos vigilantes em todo o pa\u00eds.<\/p>\n","protected":false},"excerpt":{"rendered":"<p>As entidades sindicais acompanham com aten\u00e7\u00e3o a divulga\u00e7\u00e3o do \u00cdndice Nacional de Pre\u00e7os ao Consumidor (INPC), indicador utilizado como refer\u00eancia para reajustes salariais em diversas categorias profissionais, inclusive na seguran\u00e7a privada. De acordo com dados divulgados pelo Instituto Brasileiro de Geografia e Estat\u00edstica, o INPC registrou alta de 0,56% em fevereiro, resultado 0,17 ponto percentual&#8230;<a class=\"btnReadMore\" href=\"https:\/\/seesvig.org.br\/?p=641\">Leia mais<i class=\"fa fa-long-arrow-right\"><\/i><\/a><\/p>\n","protected":false},"author":2,"featured_media":642,"comment_status":"open","ping_status":"open","sticky":false,"template":"","format":"standard","meta":{"om_disable_all_campaigns":false,"_monsterinsights_skip_tracking":false,"_monsterinsights_sitenote_active":false,"_monsterinsights_sitenote_note":"","_monsterinsights_sitenote_category":0,"footnotes":""},"categories":[1],"tags":[],"class_list":["post-641","post","type-post","status-publish","format-standard","has-post-thumbnail","hentry","category-juridico"],"_links":{"self":[{"href":"https:\/\/seesvig.org.br\/index.php?rest_route=\/wp\/v2\/posts\/641","targetHints":{"allow":["GET"]}}],"collection":[{"href":"https:\/\/seesvig.org.br\/index.php?rest_route=\/wp\/v2\/posts"}],"about":[{"href":"https:\/\/seesvig.org.br\/index.php?rest_route=\/wp\/v2\/types\/post"}],"author":[{"embeddable":true,"href":"https:\/\/seesvig.org.br\/index.php?rest_route=\/wp\/v2\/users\/2"}],"replies":[{"embeddable":true,"href":"https:\/\/seesvig.org.br\/index.php?rest_route=%2Fwp%2Fv2%2Fcomments&post=641"}],"version-history":[{"count":1,"href":"https:\/\/seesvig.org.br\/index.php?rest_route=\/wp\/v2\/posts\/641\/revisions"}],"predecessor-version":[{"id":643,"href":"https:\/\/seesvig.org.br\/index.php?rest_route=\/wp\/v2\/posts\/641\/revisions\/643"}],"wp:featuredmedia":[{"embeddable":true,"href":"https:\/\/seesvig.org.br\/index.php?rest_route=\/wp\/v2\/media\/642"}],"wp:attachment":[{"href":"https:\/\/seesvig.org.br\/index.php?rest_route=%2Fwp%2Fv2%2Fmedia&parent=641"}],"wp:term":[{"taxonomy":"category","embeddable":true,"href":"https:\/\/seesvig.org.br\/index.php?rest_route=%2Fwp%2Fv2%2Fcategories&post=641"},{"taxonomy":"post_tag","embeddable":true,"href":"https:\/\/seesvig.org.br\/index.php?rest_route=%2Fwp%2Fv2%2Ftags&post=641"}],"curies":[{"name":"wp","href":"https:\/\/api.w.org\/{rel}","templated":true}]}}